{"id":2525,"date":"2026-03-11T13:02:23","date_gmt":"2026-03-11T13:02:23","guid":{"rendered":"https:\/\/zerap-germany.de\/?p=2525"},"modified":"2026-03-12T18:19:42","modified_gmt":"2026-03-12T18:19:42","slug":"ostermarkt-auf-dem-thierbachshof","status":"publish","type":"post","link":"https:\/\/zerap-germany.de\/index.php\/2026\/03\/11\/ostermarkt-auf-dem-thierbachshof\/","title":{"rendered":"Ostermarkt auf dem Thierbachshof"},"content":{"rendered":"\n<p>Bevor im Mai die Kultursaison Steinh\u00f6fel startet, beginnt bei uns traditionell die Veranstaltungssaison mit unserem Ostermarkt auf dem Thierbachshof. <br>Ein kleiner Fr\u00fchlingsmarkt auf dem Hof \u2013 mit regionalen Produkten, Handwerk und etwas Programm f\u00fcr Gro\u00df und Klein.<\/p>\n\n\n\n<p> <strong>Samstag, 28. M\u00e4rz 2026<br> 12\u201318 Uhr<\/strong><\/p>\n\n\n\n<p>Was euch erwartet:<br><br>\u2022 St\u00e4nde mit regionaler Handwerkskunst<br>\u2022 Speis &amp; Trank aus der Scheunen-K\u00fcche<br>\u2022 Kinderprogramm<\/p>\n\n\n\n<p>Der Ostermarkt ist inzwischen ein fester Termin im Jahr &#8211; ein erster Anlass, sich nach dem Winter wieder auf dem Hof zu treffen, Kunsthandwerk zu entdecken, zu st\u00f6bern, zu essen und ein bisschen Fr\u00fchling zu genie\u00dfen.<\/p>\n\n\n\n<p><\/p>\n","protected":false},"excerpt":{"rendered":"<p>Bevor im Mai die Kultursaison Steinh\u00f6fel startet, beginnt bei uns traditionell die Veranstaltungssaison mit unserem Ostermarkt auf dem Thierbachshof. Ein kleiner Fr\u00fchlingsmarkt auf dem Hof \u2013 mit regionalen Produkten, Handwerk und etwas Programm f\u00fcr Gro\u00df und Klein. Samstag, 28. M\u00e4rz 2026 12\u201318 Uhr Was euch erwartet: \u2022 St\u00e4nde mit regionaler Handwerkskunst\u2022 Speis &amp; Trank aus [&hellip;]<\/p>\n","protected":false},"author":1,"featured_media":2533,"comment_status":"closed","ping_status":"closed","sticky":false,"template":"","format":"standard","meta":{"footnotes":""},"categories":[2],"tags":[],"class_list":["post-2525","post","type-post","status-publish","format-standard","has-post-thumbnail","hentry","category-news"],"_links":{"self":[{"href":"https:\/\/zerap-germany.de\/index.php\/wp-json\/wp\/v2\/posts\/2525","targetHints":{"allow":["GET"]}}],"collection":[{"href":"https:\/\/zerap-germany.de\/index.php\/wp-json\/wp\/v2\/posts"}],"about":[{"href":"https:\/\/zerap-germany.de\/index.php\/wp-json\/wp\/v2\/types\/post"}],"author":[{"embeddable":true,"href":"https:\/\/zerap-germany.de\/index.php\/wp-json\/wp\/v2\/users\/1"}],"replies":[{"embeddable":true,"href":"https:\/\/zerap-germany.de\/index.php\/wp-json\/wp\/v2\/comments?post=2525"}],"version-history":[{"count":3,"href":"https:\/\/zerap-germany.de\/index.php\/wp-json\/wp\/v2\/posts\/2525\/revisions"}],"predecessor-version":[{"id":2552,"href":"https:\/\/zerap-germany.de\/index.php\/wp-json\/wp\/v2\/posts\/2525\/revisions\/2552"}],"wp:featuredmedia":[{"embeddable":true,"href":"https:\/\/zerap-germany.de\/index.php\/wp-json\/wp\/v2\/media\/2533"}],"wp:attachment":[{"href":"https:\/\/zerap-germany.de\/index.php\/wp-json\/wp\/v2\/media?parent=2525"}],"wp:term":[{"taxonomy":"category","embeddable":true,"href":"https:\/\/zerap-germany.de\/index.php\/wp-json\/wp\/v2\/categories?post=2525"},{"taxonomy":"post_tag","embeddable":true,"href":"https:\/\/zerap-germany.de\/index.php\/wp-json\/wp\/v2\/tags?post=2525"}],"curies":[{"name":"wp","href":"https:\/\/api.w.org\/{rel}","templated":true}]}}