{"id":2535,"date":"2026-01-16T13:37:48","date_gmt":"2026-01-16T13:37:48","guid":{"rendered":"https:\/\/zerap-germany.de\/?p=2535"},"modified":"2026-03-11T13:39:35","modified_gmt":"2026-03-11T13:39:35","slug":"zerap-auf-facebook","status":"publish","type":"post","link":"https:\/\/zerap-germany.de\/index.php\/2026\/01\/16\/zerap-auf-facebook\/","title":{"rendered":"ZERAP auf Facebook"},"content":{"rendered":"\n<p><\/p>\n\n\n\n<h3 class=\"wp-block-heading\">\u201eD\u00f6rfer im Aufbruch\u201c , unsere Video-Reihe jetzt auch auf Facebook<\/h3>\n\n\n\n<p>Seit einigen Jahren besch\u00e4ftigen wir uns intensiv mit der Frage, wie sich D\u00f6rfer weiterentwickeln k\u00f6nnen. Dabei sind viele Gespr\u00e4che, Begegnungen und Beispiele entstanden, die zeigen, dass <strong>l\u00e4ndliche R\u00e4ume keineswegs Stillstand bedeuten m\u00fcssen<\/strong>. Genau aus diesen Erfahrungen ist die Video-Reihe <strong>\u201eD\u00f6rfer im Aufbruch\u201c<\/strong> entstanden.<\/p>\n\n\n\n<p>Die Themen sind dabei bewusst breit angelegt. In den Videos geht es unter anderem um:<\/p>\n\n\n\n<ul class=\"wp-block-list\">\n<li>neue Ideen f\u00fcr Dorfentwicklung<\/li>\n\n\n\n<li>Beispiele f\u00fcr gemeinschaftliche Projekte<\/li>\n\n\n\n<li>nachhaltige Landwirtschaft und regionale Wertsch\u00f6pfung<\/li>\n\n\n\n<li>kulturelle Initiativen auf dem Land<\/li>\n\n\n\n<li>Erfahrungen aus Netzwerken wie \u201eD\u00f6rfer im Aufbruch\u201c<\/li>\n<\/ul>\n\n\n\n<p><strong>Nach und nach werden wir ausgew\u00e4hlte Videos auf unserer Seite bei Facebook ver\u00f6ffentlichen<\/strong>.<\/p>\n\n\n\n<p>Dort werden die Beitr\u00e4ge erscheinen erg\u00e4nzt durch kurze Hinweise oder Hintergrundinformationen. So entsteht mit der Zeit eine kleine Sammlung von Beispielen und Erfahrungen rund um das Thema <strong>aktive Dorfentwicklung<\/strong>.<\/p>\n\n\n\n<p>Wer sich f\u00fcr l\u00e4ndliche Projekte, neue Ideen im Dorf oder einfach f\u00fcr praktische Beispiele interessiert, kann uns gerne auf Facebook folgen.<\/p>\n\n\n\n<p><a href=\"https:\/\/www.facebook.com\/ZukunftDorfgemeinschaft\">https:\/\/www.facebook.com\/ZukunftDorfgemeinschaft<\/a><\/p>\n\n\n\n<p><\/p>\n","protected":false},"excerpt":{"rendered":"<p>\u201eD\u00f6rfer im Aufbruch\u201c , unsere Video-Reihe jetzt auch auf Facebook Seit einigen Jahren besch\u00e4ftigen wir uns intensiv mit der Frage, wie sich D\u00f6rfer weiterentwickeln k\u00f6nnen. Dabei sind viele Gespr\u00e4che, Begegnungen und Beispiele entstanden, die zeigen, dass l\u00e4ndliche R\u00e4ume keineswegs Stillstand bedeuten m\u00fcssen. Genau aus diesen Erfahrungen ist die Video-Reihe \u201eD\u00f6rfer im Aufbruch\u201c entstanden. Die Themen [&hellip;]<\/p>\n","protected":false},"author":1,"featured_media":2536,"comment_status":"closed","ping_status":"closed","sticky":false,"template":"","format":"standard","meta":{"footnotes":""},"categories":[2],"tags":[],"class_list":["post-2535","post","type-post","status-publish","format-standard","has-post-thumbnail","hentry","category-news"],"_links":{"self":[{"href":"https:\/\/zerap-germany.de\/index.php\/wp-json\/wp\/v2\/posts\/2535","targetHints":{"allow":["GET"]}}],"collection":[{"href":"https:\/\/zerap-germany.de\/index.php\/wp-json\/wp\/v2\/posts"}],"about":[{"href":"https:\/\/zerap-germany.de\/index.php\/wp-json\/wp\/v2\/types\/post"}],"author":[{"embeddable":true,"href":"https:\/\/zerap-germany.de\/index.php\/wp-json\/wp\/v2\/users\/1"}],"replies":[{"embeddable":true,"href":"https:\/\/zerap-germany.de\/index.php\/wp-json\/wp\/v2\/comments?post=2535"}],"version-history":[{"count":1,"href":"https:\/\/zerap-germany.de\/index.php\/wp-json\/wp\/v2\/posts\/2535\/revisions"}],"predecessor-version":[{"id":2537,"href":"https:\/\/zerap-germany.de\/index.php\/wp-json\/wp\/v2\/posts\/2535\/revisions\/2537"}],"wp:featuredmedia":[{"embeddable":true,"href":"https:\/\/zerap-germany.de\/index.php\/wp-json\/wp\/v2\/media\/2536"}],"wp:attachment":[{"href":"https:\/\/zerap-germany.de\/index.php\/wp-json\/wp\/v2\/media?parent=2535"}],"wp:term":[{"taxonomy":"category","embeddable":true,"href":"https:\/\/zerap-germany.de\/index.php\/wp-json\/wp\/v2\/categories?post=2535"},{"taxonomy":"post_tag","embeddable":true,"href":"https:\/\/zerap-germany.de\/index.php\/wp-json\/wp\/v2\/tags?post=2535"}],"curies":[{"name":"wp","href":"https:\/\/api.w.org\/{rel}","templated":true}]}}